{"id":46021,"date":"2025-02-05T13:28:39","date_gmt":"2025-02-05T11:28:39","guid":{"rendered":"https:\/\/www.opendoors.org.za\/?p=46021"},"modified":"2025-02-05T15:21:41","modified_gmt":"2025-02-05T13:21:41","slug":"pray-that-our-children-will-return-to-us","status":"publish","type":"post","link":"https:\/\/www.opendoors.org.za\/afr\/pray-that-our-children-will-return-to-us\/","title":{"rendered":"Pray that our children will return to us (Slegs in Engels)"},"content":{"rendered":"<div class=\"wpb-content-wrapper\">[vc_row][vc_column][vc_column_text css=&#8221;&#8221;]<strong>Over the past three years, Boko Haram has abducted at least six Christian children in the Far North Region of Cameroon. The children were taken during separate attacks between 2022 and 2024. To date their families have received no news, and don&#8217;t even know if they are still alive. The parents have reached out to our local partners and asks if you will stand with them in prayer. <\/strong><\/p>\n<p>\u201cSince I started working in Mayo-Tsanaga in 2014, I have not heard of any Muslim children being abducted. Every time, it&#8217;s just Christian children&#8230;\u201d says Pastor Jean of the evangelical church in, Mayo-Tsanaga division of the Far North Region where the children were taken.<\/p>\n<p>One the kidnapped children is 10-year-old Joseph. His family lived in Goldavie when Boko Haram took him. \u201cIt was one Wednesday in May 2023 at about 8 pm; I can never forget that day\u201d, his mother, M\u00e9d\u00e9k\u00e9 (pictured above), who is in her forties and has five children, shares. Joseph is her 3rd child.<br \/>\nThe boy had the habit of sitting with his father every evening as they waited for their evening meal. \u201cHe sat on his father\u2019s leg, I could hear them laugh while looking at my husband\u2019s phone. It did not take a long time for the Boko Haram men to surround the village and start with the gunshots.\u201d<\/p>\n<p>No one saw the men coming, but the gunshots in the air were enough to know they had to run away. M\u00e9d\u00e9k\u00e9 explains that usually in such situations, the villagers will run to the mountains to hide. \u201cSo, I started running to the mountain. When I turned around, I saw Joseph holding my husband\u2019s hand. Both were also running to the mountain\u2026\u201d<\/p>\n<p>In the chaos, Joseph lost sight of his father and decided to run back home to look for him. \u201cA neighbour explained that he saw the young boy run back home and shouting his father\u2019s name everywhere, but when he [the neighbour] tried to tell him [Joseph] to run, one of the men carried him away\u201d, M\u00e9d\u00e9k\u00e9 shares with tears in her eyes.<\/p>\n<p>\u201cI came down from the mountain and waited for all my children with my husband to come back, but Joseph did not come back. I even thought he was with a neighbour. That&#8217;s when that other neighbour came and told us that he was kidnapped.&#8221;<\/p>\n<p>\u201cI have waited for a call for ransom till date, but no one has called me. I don&#8217;t know what has become of my son. I feel so much pain whenever I think of him\u201d, M\u00e9d\u00e9k\u00e9 told OD partners.<\/p>\n<p>After the attack, M\u00e9d\u00e9k\u00e9 refused to eat for three days. She kept hoping that her son would somehow return. \u201cI fell sick, very sick. The pain was unbearable, but I needed to hold on. I prayed and asked God to strengthen me and I had little strength. Sometimes I ask God what I have done for You to let them take my son away. But I get no response from Him. I can never forget what happened to my son\u2026&#8221;<\/p>\n<p>\u201cSometimes, I wake up at night, and I weep\u2026 I can\u2019t forget. Please pray for me!\u201d M\u00e9d\u00e9k\u00e9 pleads.[\/vc_column_text][\/vc_column][\/vc_row][vc_row][vc_column][vc_video link=&#8221;https:\/\/youtu.be\/bJtD_BRDyXc&#8221; css=&#8221;&#8221;][\/vc_column][\/vc_row][vc_row][vc_column][vc_column_text css=&#8221;&#8221;]The six children abducted between 2023 and 2024 are between the ages of 7 and 18. Like Medeke, their families remain in pain, yet continue to hope for their safe return someday.<\/p>\n<p>Pastor Jean is the head of the Evangelical church in the area where Joseph was kidnapped. He shares that \u201csince 2014, till date, if I count the number of children abducted by Boko Haram, from us Christians since 2014 till date, it\u2019s more than 14 children. We have 3 in Mozogo, 1 in Korsamba, 1 in Goldavie, 1 in Gabass, and the others, I do not know exactly\u2026 and in Kiriwa-Mafa, they were children of Christians that were kidnapped\u201d.<\/p>\n<p>\u201cWe want peace in our hearts, in our village, in our country\u2026 till date, we don\u2019t know where our children are. They don\u2019t call us to ask for money (ransom); they do not call to say here are your children. Till date, we do not know, no news, no trace of our children. Yes, right now, we are asking for prayers that you will pray for us\u201d, he pleaded.[\/vc_column_text][vc_row_inner css=&#8221;.vc_custom_1700662557233{margin-top: 40px !important;margin-right: 5px !important;margin-left: 5px !important;padding-top: 40px !important;padding-right: 20px !important;padding-bottom: 40px !important;padding-left: 20px !important;background-color: #87bcd2 !important;}&#8221;][vc_column_inner]<style>.vcex-heading.vcex_69f5b8ca3f48d{width:135px;color:var(--wpex-on-accent);font-size:20px;background-color:var(--wpex-accent);}<\/style><h3 class=\"vcex-heading vcex-heading-plain vcex-module wpex-heading wpex-text-2xl wpex-h3 wpex-px-10 wpex-py-10 wpex-max-w-100 wpex-mr-auto vc_custom_1705052502342 vcex_69f5b8ca3f48d\"><span class=\"vcex-heading-inner wpex-inline-block\">Please pray<\/span><\/h3>[vc_column_text css=&#8221;&#8221;]\n<ul>\n<li class=\"noSpacingAbove noSpacingBelow\" data-text-type=\"noSpacing\"><span dir=\"ltr\" lang=\"EN-GB\">Please pray for Joseph and the others wherever they are, that the Lord will strengthen and comfort them.<\/span><\/li>\n<li class=\"noSpacingAbove noSpacingBelow\" data-text-type=\"noSpacing\"><span dir=\"ltr\" lang=\"EN-GB\">Pray that God will reunite them with their families and restore them.<\/span><\/li>\n<li><span dir=\"ltr\" lang=\"EN-GB\">Pray for comfort and strength for M\u00e9d\u00e9k\u00e9 and the families who do not despair in the hope of seeing their children alive. Pray that the Lord will heal their pain and heal their hearts.<\/span><\/li>\n<li><span dir=\"ltr\" lang=\"EN-GB\">Finally, let\u2019s pray for Boko Haram. Pray that the Lord will touch their hearts and turn them away from their evil actions.\u00a0<\/span><\/li>\n<\/ul>\n[\/vc_column_text][\/vc_column_inner][\/vc_row_inner][\/vc_column][\/vc_row]\n<\/div>","protected":false},"excerpt":{"rendered":"<p>[vc_row][vc_column][vc_column_text css=&#8221;&#8221;]Over the past three years, Boko Haram has abducted at least six Christian children in the Far North Region of Cameroon. The children were taken during separate attacks between 2022 and 2024. To date their families have received no news, and don&#8217;t even know if they are still alive. The parents have reached out&hellip;<\/p>\n","protected":false},"author":260,"featured_media":46018,"comment_status":"open","ping_status":"closed","sticky":false,"template":"","format":"standard","meta":{"_acf_changed":false,"footnotes":""},"categories":[338,248],"tags":[],"class_list":["post-46021","post","type-post","status-publish","format-standard","has-post-thumbnail","hentry","category-afrika","category-kameroen","entry","has-media"],"acf":[],"yoast_head":"<!-- This site is optimized with the Yoast SEO plugin v27.1.1 - https:\/\/yoast.com\/product\/yoast-seo-wordpress\/ -->\n<title>Pray that our children will return to us (Slegs in Engels) - Geopende Deure<\/title>\n<meta name=\"robots\" content=\"index, follow, max-snippet:-1, max-image-preview:large, max-video-preview:-1\" \/>\n<link rel=\"canonical\" href=\"https:\/\/www.opendoors.org.za\/afr\/pray-that-our-children-will-return-to-us\/\" \/>\n<meta property=\"og:locale\" content=\"af_ZA\" \/>\n<meta property=\"og:type\" content=\"article\" \/>\n<meta property=\"og:title\" content=\"Pray that our children will return to us (Slegs in Engels) - Geopende Deure\" \/>\n<meta property=\"og:description\" content=\"[vc_row][vc_column][vc_column_text css=&#8221;&#8221;]Over the past three years, Boko Haram has abducted at least six Christian children in the Far North Region of Cameroon. The children were taken during separate attacks between 2022 and 2024. To date their families have received no news, and don&#8217;t even know if they are still alive. The parents have reached out&hellip;\" \/>\n<meta property=\"og:url\" content=\"https:\/\/www.opendoors.org.za\/afr\/pray-that-our-children-will-return-to-us\/\" \/>\n<meta property=\"og:site_name\" content=\"Geopende Deure\" \/>\n<meta property=\"article:published_time\" content=\"2025-02-05T11:28:39+00:00\" \/>\n<meta property=\"article:modified_time\" content=\"2025-02-05T13:21:41+00:00\" \/>\n<meta property=\"og:image\" content=\"https:\/\/www.opendoors.org.za\/wp-content\/uploads\/2025\/02\/Cameroon-Medeke-kidnapped-children.jpg\" \/>\n\t<meta property=\"og:image:width\" content=\"1000\" \/>\n\t<meta property=\"og:image:height\" content=\"500\" \/>\n\t<meta property=\"og:image:type\" content=\"image\/jpeg\" \/>\n<meta name=\"author\" content=\"Milandre Hartze\" \/>\n<meta name=\"twitter:card\" content=\"summary_large_image\" \/>\n<meta name=\"twitter:label1\" content=\"Written by\" \/>\n\t<meta name=\"twitter:data1\" content=\"Milandre Hartze\" \/>\n\t<meta name=\"twitter:label2\" content=\"Est. reading time\" \/>\n\t<meta name=\"twitter:data2\" content=\"4 minutes\" \/>\n<script type=\"application\/ld+json\" class=\"yoast-schema-graph\">{\"@context\":\"https:\/\/schema.org\",\"@graph\":[{\"@type\":\"Article\",\"@id\":\"https:\/\/www.opendoors.org.za\/afr\/pray-that-our-children-will-return-to-us\/#article\",\"isPartOf\":{\"@id\":\"https:\/\/www.opendoors.org.za\/afr\/pray-that-our-children-will-return-to-us\/\"},\"author\":{\"name\":\"Milandre Hartze\",\"@id\":\"https:\/\/www.opendoors.org.za\/afr\/#\/schema\/person\/5b6e7a6326a7afb19a9433adeb6a17f4\"},\"headline\":\"Pray that our children will return to us (Slegs in Engels)\",\"datePublished\":\"2025-02-05T11:28:39+00:00\",\"dateModified\":\"2025-02-05T13:21:41+00:00\",\"mainEntityOfPage\":{\"@id\":\"https:\/\/www.opendoors.org.za\/afr\/pray-that-our-children-will-return-to-us\/\"},\"wordCount\":939,\"commentCount\":0,\"publisher\":{\"@id\":\"https:\/\/www.opendoors.org.za\/afr\/#organization\"},\"image\":{\"@id\":\"https:\/\/www.opendoors.org.za\/afr\/pray-that-our-children-will-return-to-us\/#primaryimage\"},\"thumbnailUrl\":\"https:\/\/www.opendoors.org.za\/wp-content\/uploads\/2025\/02\/Cameroon-Medeke-kidnapped-children.jpg\",\"articleSection\":[\"Afrika\",\"Kameroen\"],\"inLanguage\":\"af-ZA\",\"potentialAction\":[{\"@type\":\"CommentAction\",\"name\":\"Comment\",\"target\":[\"https:\/\/www.opendoors.org.za\/afr\/pray-that-our-children-will-return-to-us\/#respond\"]}]},{\"@type\":\"WebPage\",\"@id\":\"https:\/\/www.opendoors.org.za\/afr\/pray-that-our-children-will-return-to-us\/\",\"url\":\"https:\/\/www.opendoors.org.za\/afr\/pray-that-our-children-will-return-to-us\/\",\"name\":\"Pray that our children will return to us (Slegs in Engels) - Geopende Deure\",\"isPartOf\":{\"@id\":\"https:\/\/www.opendoors.org.za\/afr\/#website\"},\"primaryImageOfPage\":{\"@id\":\"https:\/\/www.opendoors.org.za\/afr\/pray-that-our-children-will-return-to-us\/#primaryimage\"},\"image\":{\"@id\":\"https:\/\/www.opendoors.org.za\/afr\/pray-that-our-children-will-return-to-us\/#primaryimage\"},\"thumbnailUrl\":\"https:\/\/www.opendoors.org.za\/wp-content\/uploads\/2025\/02\/Cameroon-Medeke-kidnapped-children.jpg\",\"datePublished\":\"2025-02-05T11:28:39+00:00\",\"dateModified\":\"2025-02-05T13:21:41+00:00\",\"breadcrumb\":{\"@id\":\"https:\/\/www.opendoors.org.za\/afr\/pray-that-our-children-will-return-to-us\/#breadcrumb\"},\"inLanguage\":\"af-ZA\",\"potentialAction\":[{\"@type\":\"ReadAction\",\"target\":[\"https:\/\/www.opendoors.org.za\/afr\/pray-that-our-children-will-return-to-us\/\"]}]},{\"@type\":\"ImageObject\",\"inLanguage\":\"af-ZA\",\"@id\":\"https:\/\/www.opendoors.org.za\/afr\/pray-that-our-children-will-return-to-us\/#primaryimage\",\"url\":\"https:\/\/www.opendoors.org.za\/wp-content\/uploads\/2025\/02\/Cameroon-Medeke-kidnapped-children.jpg\",\"contentUrl\":\"https:\/\/www.opendoors.org.za\/wp-content\/uploads\/2025\/02\/Cameroon-Medeke-kidnapped-children.jpg\",\"width\":1000,\"height\":500},{\"@type\":\"BreadcrumbList\",\"@id\":\"https:\/\/www.opendoors.org.za\/afr\/pray-that-our-children-will-return-to-us\/#breadcrumb\",\"itemListElement\":[{\"@type\":\"ListItem\",\"position\":1,\"name\":\"\",\"item\":\"https:\/\/www.opendoors.org.za\/afr\/\"},{\"@type\":\"ListItem\",\"position\":2,\"name\":\"Pray that our children will return to us (Slegs in Engels)\"}]},{\"@type\":\"WebSite\",\"@id\":\"https:\/\/www.opendoors.org.za\/afr\/#website\",\"url\":\"https:\/\/www.opendoors.org.za\/afr\/\",\"name\":\"Geopende Deure\",\"description\":\"The world&#039;s largest outreach to persecuted Christians in the most high-risk places.\",\"publisher\":{\"@id\":\"https:\/\/www.opendoors.org.za\/afr\/#organization\"},\"potentialAction\":[{\"@type\":\"SearchAction\",\"target\":{\"@type\":\"EntryPoint\",\"urlTemplate\":\"https:\/\/www.opendoors.org.za\/afr\/?s={search_term_string}\"},\"query-input\":{\"@type\":\"PropertyValueSpecification\",\"valueRequired\":true,\"valueName\":\"search_term_string\"}}],\"inLanguage\":\"af-ZA\"},{\"@type\":\"Organization\",\"@id\":\"https:\/\/www.opendoors.org.za\/afr\/#organization\",\"name\":\"Geopende Deure\",\"url\":\"https:\/\/www.opendoors.org.za\/afr\/\",\"logo\":{\"@type\":\"ImageObject\",\"inLanguage\":\"af-ZA\",\"@id\":\"https:\/\/www.opendoors.org.za\/afr\/#\/schema\/logo\/image\/\",\"url\":\"https:\/\/www.opendoors.org.za\/wp-content\/uploads\/2023\/08\/Open-Doors-English-2023.png\",\"contentUrl\":\"https:\/\/www.opendoors.org.za\/wp-content\/uploads\/2023\/08\/Open-Doors-English-2023.png\",\"width\":606,\"height\":76,\"caption\":\"Geopende Deure\"},\"image\":{\"@id\":\"https:\/\/www.opendoors.org.za\/afr\/#\/schema\/logo\/image\/\"}},{\"@type\":\"Person\",\"@id\":\"https:\/\/www.opendoors.org.za\/afr\/#\/schema\/person\/5b6e7a6326a7afb19a9433adeb6a17f4\",\"name\":\"Milandre Hartze\",\"sameAs\":[\"http:\/\/Open%20Doors%20\"]}]}<\/script>\n<!-- \/ Yoast SEO plugin. -->","yoast_head_json":{"title":"Pray that our children will return to us (Slegs in Engels) - Geopende Deure","robots":{"index":"index","follow":"follow","max-snippet":"max-snippet:-1","max-image-preview":"max-image-preview:large","max-video-preview":"max-video-preview:-1"},"canonical":"https:\/\/www.opendoors.org.za\/afr\/pray-that-our-children-will-return-to-us\/","og_locale":"af_ZA","og_type":"article","og_title":"Pray that our children will return to us (Slegs in Engels) - Geopende Deure","og_description":"[vc_row][vc_column][vc_column_text css=&#8221;&#8221;]Over the past three years, Boko Haram has abducted at least six Christian children in the Far North Region of Cameroon. The children were taken during separate attacks between 2022 and 2024. To date their families have received no news, and don&#8217;t even know if they are still alive. The parents have reached out&hellip;","og_url":"https:\/\/www.opendoors.org.za\/afr\/pray-that-our-children-will-return-to-us\/","og_site_name":"Geopende Deure","article_published_time":"2025-02-05T11:28:39+00:00","article_modified_time":"2025-02-05T13:21:41+00:00","og_image":[{"width":1000,"height":500,"url":"https:\/\/www.opendoors.org.za\/wp-content\/uploads\/2025\/02\/Cameroon-Medeke-kidnapped-children.jpg","type":"image\/jpeg"}],"author":"Milandre Hartze","twitter_card":"summary_large_image","twitter_misc":{"Written by":"Milandre Hartze","Est. reading time":"4 minutes"},"schema":{"@context":"https:\/\/schema.org","@graph":[{"@type":"Article","@id":"https:\/\/www.opendoors.org.za\/afr\/pray-that-our-children-will-return-to-us\/#article","isPartOf":{"@id":"https:\/\/www.opendoors.org.za\/afr\/pray-that-our-children-will-return-to-us\/"},"author":{"name":"Milandre Hartze","@id":"https:\/\/www.opendoors.org.za\/afr\/#\/schema\/person\/5b6e7a6326a7afb19a9433adeb6a17f4"},"headline":"Pray that our children will return to us (Slegs in Engels)","datePublished":"2025-02-05T11:28:39+00:00","dateModified":"2025-02-05T13:21:41+00:00","mainEntityOfPage":{"@id":"https:\/\/www.opendoors.org.za\/afr\/pray-that-our-children-will-return-to-us\/"},"wordCount":939,"commentCount":0,"publisher":{"@id":"https:\/\/www.opendoors.org.za\/afr\/#organization"},"image":{"@id":"https:\/\/www.opendoors.org.za\/afr\/pray-that-our-children-will-return-to-us\/#primaryimage"},"thumbnailUrl":"https:\/\/www.opendoors.org.za\/wp-content\/uploads\/2025\/02\/Cameroon-Medeke-kidnapped-children.jpg","articleSection":["Afrika","Kameroen"],"inLanguage":"af-ZA","potentialAction":[{"@type":"CommentAction","name":"Comment","target":["https:\/\/www.opendoors.org.za\/afr\/pray-that-our-children-will-return-to-us\/#respond"]}]},{"@type":"WebPage","@id":"https:\/\/www.opendoors.org.za\/afr\/pray-that-our-children-will-return-to-us\/","url":"https:\/\/www.opendoors.org.za\/afr\/pray-that-our-children-will-return-to-us\/","name":"Pray that our children will return to us (Slegs in Engels) - Geopende Deure","isPartOf":{"@id":"https:\/\/www.opendoors.org.za\/afr\/#website"},"primaryImageOfPage":{"@id":"https:\/\/www.opendoors.org.za\/afr\/pray-that-our-children-will-return-to-us\/#primaryimage"},"image":{"@id":"https:\/\/www.opendoors.org.za\/afr\/pray-that-our-children-will-return-to-us\/#primaryimage"},"thumbnailUrl":"https:\/\/www.opendoors.org.za\/wp-content\/uploads\/2025\/02\/Cameroon-Medeke-kidnapped-children.jpg","datePublished":"2025-02-05T11:28:39+00:00","dateModified":"2025-02-05T13:21:41+00:00","breadcrumb":{"@id":"https:\/\/www.opendoors.org.za\/afr\/pray-that-our-children-will-return-to-us\/#breadcrumb"},"inLanguage":"af-ZA","potentialAction":[{"@type":"ReadAction","target":["https:\/\/www.opendoors.org.za\/afr\/pray-that-our-children-will-return-to-us\/"]}]},{"@type":"ImageObject","inLanguage":"af-ZA","@id":"https:\/\/www.opendoors.org.za\/afr\/pray-that-our-children-will-return-to-us\/#primaryimage","url":"https:\/\/www.opendoors.org.za\/wp-content\/uploads\/2025\/02\/Cameroon-Medeke-kidnapped-children.jpg","contentUrl":"https:\/\/www.opendoors.org.za\/wp-content\/uploads\/2025\/02\/Cameroon-Medeke-kidnapped-children.jpg","width":1000,"height":500},{"@type":"BreadcrumbList","@id":"https:\/\/www.opendoors.org.za\/afr\/pray-that-our-children-will-return-to-us\/#breadcrumb","itemListElement":[{"@type":"ListItem","position":1,"name":"","item":"https:\/\/www.opendoors.org.za\/afr\/"},{"@type":"ListItem","position":2,"name":"Pray that our children will return to us (Slegs in Engels)"}]},{"@type":"WebSite","@id":"https:\/\/www.opendoors.org.za\/afr\/#website","url":"https:\/\/www.opendoors.org.za\/afr\/","name":"Geopende Deure","description":"The world&#039;s largest outreach to persecuted Christians in the most high-risk places.","publisher":{"@id":"https:\/\/www.opendoors.org.za\/afr\/#organization"},"potentialAction":[{"@type":"SearchAction","target":{"@type":"EntryPoint","urlTemplate":"https:\/\/www.opendoors.org.za\/afr\/?s={search_term_string}"},"query-input":{"@type":"PropertyValueSpecification","valueRequired":true,"valueName":"search_term_string"}}],"inLanguage":"af-ZA"},{"@type":"Organization","@id":"https:\/\/www.opendoors.org.za\/afr\/#organization","name":"Geopende Deure","url":"https:\/\/www.opendoors.org.za\/afr\/","logo":{"@type":"ImageObject","inLanguage":"af-ZA","@id":"https:\/\/www.opendoors.org.za\/afr\/#\/schema\/logo\/image\/","url":"https:\/\/www.opendoors.org.za\/wp-content\/uploads\/2023\/08\/Open-Doors-English-2023.png","contentUrl":"https:\/\/www.opendoors.org.za\/wp-content\/uploads\/2023\/08\/Open-Doors-English-2023.png","width":606,"height":76,"caption":"Geopende Deure"},"image":{"@id":"https:\/\/www.opendoors.org.za\/afr\/#\/schema\/logo\/image\/"}},{"@type":"Person","@id":"https:\/\/www.opendoors.org.za\/afr\/#\/schema\/person\/5b6e7a6326a7afb19a9433adeb6a17f4","name":"Milandre Hartze","sameAs":["http:\/\/Open%20Doors%20"]}]}},"_links":{"self":[{"href":"https:\/\/www.opendoors.org.za\/afr\/wp-json\/wp\/v2\/posts\/46021","targetHints":{"allow":["GET"]}}],"collection":[{"href":"https:\/\/www.opendoors.org.za\/afr\/wp-json\/wp\/v2\/posts"}],"about":[{"href":"https:\/\/www.opendoors.org.za\/afr\/wp-json\/wp\/v2\/types\/post"}],"author":[{"embeddable":true,"href":"https:\/\/www.opendoors.org.za\/afr\/wp-json\/wp\/v2\/users\/260"}],"replies":[{"embeddable":true,"href":"https:\/\/www.opendoors.org.za\/afr\/wp-json\/wp\/v2\/comments?post=46021"}],"version-history":[{"count":0,"href":"https:\/\/www.opendoors.org.za\/afr\/wp-json\/wp\/v2\/posts\/46021\/revisions"}],"wp:featuredmedia":[{"embeddable":true,"href":"https:\/\/www.opendoors.org.za\/afr\/wp-json\/wp\/v2\/media\/46018"}],"wp:attachment":[{"href":"https:\/\/www.opendoors.org.za\/afr\/wp-json\/wp\/v2\/media?parent=46021"}],"wp:term":[{"taxonomy":"category","embeddable":true,"href":"https:\/\/www.opendoors.org.za\/afr\/wp-json\/wp\/v2\/categories?post=46021"},{"taxonomy":"post_tag","embeddable":true,"href":"https:\/\/www.opendoors.org.za\/afr\/wp-json\/wp\/v2\/tags?post=46021"}],"curies":[{"name":"wp","href":"https:\/\/api.w.org\/{rel}","templated":true}]}}