{"id":2322,"date":"2016-09-07T10:57:39","date_gmt":"2016-09-07T08:57:39","guid":{"rendered":"https:\/\/www.opendoors.org.za\/?p=2322"},"modified":"2017-09-27T10:59:43","modified_gmt":"2017-09-27T08:59:43","slug":"oesbekistan-die-president-van-oesbekistan-het-gesterf","status":"publish","type":"post","link":"https:\/\/www.opendoors.org.za\/afr\/oesbekistan-die-president-van-oesbekistan-het-gesterf\/","title":{"rendered":"Oesbekistan: Die president van Oesbekistan het gesterf"},"content":{"rendered":"<p>Die president van Oesbekistan, Islom Karimov, het op die ouderdom van 78 gesterf. Die Oesbeekse owerhede het Karimov se afsterwe amptelik bevestig. Hy het sy land met \u0149 ysterhand regeer sedert 1989. Sy regime was een van die mees onderdrukkende regimes in die w\u00eareld. Ongelukkig verwag Geopende Deure nie \u0149 \u2018klimaatsverandering\u2019 in Oesbekistan nie. Die kommunistiese wortels is diep gevestig en die kliek rondom Karimov sal waarskynlik \u0149 opvolger benoem.<\/p>\n<p>Bid asseblief vir Oesbekistan. Talle gelowiges word reuse boetes opgel\u00ea of gearresteer, omdat hulle Christelike literatuur besit, of byeenkomste in hulle huise re\u00ebl. Gelowiges vanuit \u0149 Moslemagtergrond (#GVMs) word verder deur hulle gesinne, asook die samelewing vervolg.<\/p>\n<p>Dankie dat jy bid!<\/p>\n<p>Oesbekistan is #15 op Geopende Deure se 2016 W\u00eareldwaarnemingslys.<\/p>\n","protected":false},"excerpt":{"rendered":"<p>Die president van Oesbekistan, Islom Karimov, het op die ouderdom van 78 gesterf. Die Oesbeekse owerhede het Karimov se afsterwe amptelik bevestig. Hy het sy land met \u0149 ysterhand regeer sedert 1989. Sy regime was een van die mees onderdrukkende regimes in die w\u00eareld. Ongelukkig verwag Geopende Deure nie \u0149 \u2018klimaatsverandering\u2019 in Oesbekistan nie. Die&hellip;<\/p>\n","protected":false},"author":1,"featured_media":2319,"comment_status":"open","ping_status":"open","sticky":false,"template":"","format":"standard","meta":{"_acf_changed":false,"footnotes":""},"categories":[200],"tags":[],"class_list":["post-2322","post","type-post","status-publish","format-standard","has-post-thumbnail","hentry","category-oesbekistan","entry","has-media"],"acf":[],"yoast_head":"<!-- This site is optimized with the Yoast SEO plugin v27.1.1 - https:\/\/yoast.com\/product\/yoast-seo-wordpress\/ -->\n<title>Oesbekistan: Die president van Oesbekistan het gesterf - Geopende Deure<\/title>\n<meta name=\"robots\" content=\"index, follow, max-snippet:-1, max-image-preview:large, max-video-preview:-1\" \/>\n<link rel=\"canonical\" href=\"https:\/\/www.opendoors.org.za\/afr\/oesbekistan-die-president-van-oesbekistan-het-gesterf\/\" \/>\n<meta property=\"og:locale\" content=\"af_ZA\" \/>\n<meta property=\"og:type\" content=\"article\" \/>\n<meta property=\"og:title\" content=\"Oesbekistan: Die president van Oesbekistan het gesterf - Geopende Deure\" \/>\n<meta property=\"og:description\" content=\"Die president van Oesbekistan, Islom Karimov, het op die ouderdom van 78 gesterf. Die Oesbeekse owerhede het Karimov se afsterwe amptelik bevestig. Hy het sy land met \u0149 ysterhand regeer sedert 1989. Sy regime was een van die mees onderdrukkende regimes in die w\u00eareld. Ongelukkig verwag Geopende Deure nie \u0149 \u2018klimaatsverandering\u2019 in Oesbekistan nie. Die&hellip;\" \/>\n<meta property=\"og:url\" content=\"https:\/\/www.opendoors.org.za\/afr\/oesbekistan-die-president-van-oesbekistan-het-gesterf\/\" \/>\n<meta property=\"og:site_name\" content=\"Geopende Deure\" \/>\n<meta property=\"article:published_time\" content=\"2016-09-07T08:57:39+00:00\" \/>\n<meta property=\"article:modified_time\" content=\"2017-09-27T08:59:43+00:00\" \/>\n<meta property=\"og:image\" content=\"https:\/\/www.opendoors.org.za\/wp-content\/uploads\/2016\/11\/Uzbekistan-flag-blog.jpg\" \/>\n\t<meta property=\"og:image:width\" content=\"1000\" \/>\n\t<meta property=\"og:image:height\" content=\"500\" \/>\n\t<meta property=\"og:image:type\" content=\"image\/jpeg\" \/>\n<meta name=\"author\" content=\"flickerleap\" \/>\n<meta name=\"twitter:card\" content=\"summary_large_image\" \/>\n<meta name=\"twitter:label1\" content=\"Written by\" \/>\n\t<meta name=\"twitter:data1\" content=\"flickerleap\" \/>\n\t<meta name=\"twitter:label2\" content=\"Est. reading time\" \/>\n\t<meta name=\"twitter:data2\" content=\"1 minute\" \/>\n<script type=\"application\/ld+json\" class=\"yoast-schema-graph\">{\"@context\":\"https:\/\/schema.org\",\"@graph\":[{\"@type\":\"Article\",\"@id\":\"https:\/\/www.opendoors.org.za\/afr\/oesbekistan-die-president-van-oesbekistan-het-gesterf\/#article\",\"isPartOf\":{\"@id\":\"https:\/\/www.opendoors.org.za\/afr\/oesbekistan-die-president-van-oesbekistan-het-gesterf\/\"},\"author\":{\"name\":\"flickerleap\",\"@id\":\"https:\/\/www.opendoors.org.za\/afr\/#\/schema\/person\/9a2038aee851e85794ca0e9545c9892b\"},\"headline\":\"Oesbekistan: Die president van Oesbekistan het gesterf\",\"datePublished\":\"2016-09-07T08:57:39+00:00\",\"dateModified\":\"2017-09-27T08:59:43+00:00\",\"mainEntityOfPage\":{\"@id\":\"https:\/\/www.opendoors.org.za\/afr\/oesbekistan-die-president-van-oesbekistan-het-gesterf\/\"},\"wordCount\":122,\"commentCount\":0,\"publisher\":{\"@id\":\"https:\/\/www.opendoors.org.za\/afr\/#organization\"},\"image\":{\"@id\":\"https:\/\/www.opendoors.org.za\/afr\/oesbekistan-die-president-van-oesbekistan-het-gesterf\/#primaryimage\"},\"thumbnailUrl\":\"https:\/\/www.opendoors.org.za\/wp-content\/uploads\/2016\/11\/Uzbekistan-flag-blog.jpg\",\"articleSection\":[\"Oesbekistan\"],\"inLanguage\":\"af-ZA\",\"potentialAction\":[{\"@type\":\"CommentAction\",\"name\":\"Comment\",\"target\":[\"https:\/\/www.opendoors.org.za\/afr\/oesbekistan-die-president-van-oesbekistan-het-gesterf\/#respond\"]}]},{\"@type\":\"WebPage\",\"@id\":\"https:\/\/www.opendoors.org.za\/afr\/oesbekistan-die-president-van-oesbekistan-het-gesterf\/\",\"url\":\"https:\/\/www.opendoors.org.za\/afr\/oesbekistan-die-president-van-oesbekistan-het-gesterf\/\",\"name\":\"Oesbekistan: Die president van Oesbekistan het gesterf - Geopende Deure\",\"isPartOf\":{\"@id\":\"https:\/\/www.opendoors.org.za\/afr\/#website\"},\"primaryImageOfPage\":{\"@id\":\"https:\/\/www.opendoors.org.za\/afr\/oesbekistan-die-president-van-oesbekistan-het-gesterf\/#primaryimage\"},\"image\":{\"@id\":\"https:\/\/www.opendoors.org.za\/afr\/oesbekistan-die-president-van-oesbekistan-het-gesterf\/#primaryimage\"},\"thumbnailUrl\":\"https:\/\/www.opendoors.org.za\/wp-content\/uploads\/2016\/11\/Uzbekistan-flag-blog.jpg\",\"datePublished\":\"2016-09-07T08:57:39+00:00\",\"dateModified\":\"2017-09-27T08:59:43+00:00\",\"breadcrumb\":{\"@id\":\"https:\/\/www.opendoors.org.za\/afr\/oesbekistan-die-president-van-oesbekistan-het-gesterf\/#breadcrumb\"},\"inLanguage\":\"af-ZA\",\"potentialAction\":[{\"@type\":\"ReadAction\",\"target\":[\"https:\/\/www.opendoors.org.za\/afr\/oesbekistan-die-president-van-oesbekistan-het-gesterf\/\"]}]},{\"@type\":\"ImageObject\",\"inLanguage\":\"af-ZA\",\"@id\":\"https:\/\/www.opendoors.org.za\/afr\/oesbekistan-die-president-van-oesbekistan-het-gesterf\/#primaryimage\",\"url\":\"https:\/\/www.opendoors.org.za\/wp-content\/uploads\/2016\/11\/Uzbekistan-flag-blog.jpg\",\"contentUrl\":\"https:\/\/www.opendoors.org.za\/wp-content\/uploads\/2016\/11\/Uzbekistan-flag-blog.jpg\",\"width\":1000,\"height\":500},{\"@type\":\"BreadcrumbList\",\"@id\":\"https:\/\/www.opendoors.org.za\/afr\/oesbekistan-die-president-van-oesbekistan-het-gesterf\/#breadcrumb\",\"itemListElement\":[{\"@type\":\"ListItem\",\"position\":1,\"name\":\"\",\"item\":\"https:\/\/www.opendoors.org.za\/afr\/\"},{\"@type\":\"ListItem\",\"position\":2,\"name\":\"Oesbekistan: Die president van Oesbekistan het gesterf\"}]},{\"@type\":\"WebSite\",\"@id\":\"https:\/\/www.opendoors.org.za\/afr\/#website\",\"url\":\"https:\/\/www.opendoors.org.za\/afr\/\",\"name\":\"Geopende Deure\",\"description\":\"The world&#039;s largest outreach to persecuted Christians in the most high-risk places.\",\"publisher\":{\"@id\":\"https:\/\/www.opendoors.org.za\/afr\/#organization\"},\"potentialAction\":[{\"@type\":\"SearchAction\",\"target\":{\"@type\":\"EntryPoint\",\"urlTemplate\":\"https:\/\/www.opendoors.org.za\/afr\/?s={search_term_string}\"},\"query-input\":{\"@type\":\"PropertyValueSpecification\",\"valueRequired\":true,\"valueName\":\"search_term_string\"}}],\"inLanguage\":\"af-ZA\"},{\"@type\":\"Organization\",\"@id\":\"https:\/\/www.opendoors.org.za\/afr\/#organization\",\"name\":\"Geopende Deure\",\"url\":\"https:\/\/www.opendoors.org.za\/afr\/\",\"logo\":{\"@type\":\"ImageObject\",\"inLanguage\":\"af-ZA\",\"@id\":\"https:\/\/www.opendoors.org.za\/afr\/#\/schema\/logo\/image\/\",\"url\":\"https:\/\/www.opendoors.org.za\/wp-content\/uploads\/2023\/08\/Open-Doors-English-2023.png\",\"contentUrl\":\"https:\/\/www.opendoors.org.za\/wp-content\/uploads\/2023\/08\/Open-Doors-English-2023.png\",\"width\":606,\"height\":76,\"caption\":\"Geopende Deure\"},\"image\":{\"@id\":\"https:\/\/www.opendoors.org.za\/afr\/#\/schema\/logo\/image\/\"}},{\"@type\":\"Person\",\"@id\":\"https:\/\/www.opendoors.org.za\/afr\/#\/schema\/person\/9a2038aee851e85794ca0e9545c9892b\",\"name\":\"flickerleap\"}]}<\/script>\n<!-- \/ Yoast SEO plugin. -->","yoast_head_json":{"title":"Oesbekistan: Die president van Oesbekistan het gesterf - Geopende Deure","robots":{"index":"index","follow":"follow","max-snippet":"max-snippet:-1","max-image-preview":"max-image-preview:large","max-video-preview":"max-video-preview:-1"},"canonical":"https:\/\/www.opendoors.org.za\/afr\/oesbekistan-die-president-van-oesbekistan-het-gesterf\/","og_locale":"af_ZA","og_type":"article","og_title":"Oesbekistan: Die president van Oesbekistan het gesterf - Geopende Deure","og_description":"Die president van Oesbekistan, Islom Karimov, het op die ouderdom van 78 gesterf. Die Oesbeekse owerhede het Karimov se afsterwe amptelik bevestig. Hy het sy land met \u0149 ysterhand regeer sedert 1989. Sy regime was een van die mees onderdrukkende regimes in die w\u00eareld. Ongelukkig verwag Geopende Deure nie \u0149 \u2018klimaatsverandering\u2019 in Oesbekistan nie. Die&hellip;","og_url":"https:\/\/www.opendoors.org.za\/afr\/oesbekistan-die-president-van-oesbekistan-het-gesterf\/","og_site_name":"Geopende Deure","article_published_time":"2016-09-07T08:57:39+00:00","article_modified_time":"2017-09-27T08:59:43+00:00","og_image":[{"width":1000,"height":500,"url":"https:\/\/www.opendoors.org.za\/wp-content\/uploads\/2016\/11\/Uzbekistan-flag-blog.jpg","type":"image\/jpeg"}],"author":"flickerleap","twitter_card":"summary_large_image","twitter_misc":{"Written by":"flickerleap","Est. reading time":"1 minute"},"schema":{"@context":"https:\/\/schema.org","@graph":[{"@type":"Article","@id":"https:\/\/www.opendoors.org.za\/afr\/oesbekistan-die-president-van-oesbekistan-het-gesterf\/#article","isPartOf":{"@id":"https:\/\/www.opendoors.org.za\/afr\/oesbekistan-die-president-van-oesbekistan-het-gesterf\/"},"author":{"name":"flickerleap","@id":"https:\/\/www.opendoors.org.za\/afr\/#\/schema\/person\/9a2038aee851e85794ca0e9545c9892b"},"headline":"Oesbekistan: Die president van Oesbekistan het gesterf","datePublished":"2016-09-07T08:57:39+00:00","dateModified":"2017-09-27T08:59:43+00:00","mainEntityOfPage":{"@id":"https:\/\/www.opendoors.org.za\/afr\/oesbekistan-die-president-van-oesbekistan-het-gesterf\/"},"wordCount":122,"commentCount":0,"publisher":{"@id":"https:\/\/www.opendoors.org.za\/afr\/#organization"},"image":{"@id":"https:\/\/www.opendoors.org.za\/afr\/oesbekistan-die-president-van-oesbekistan-het-gesterf\/#primaryimage"},"thumbnailUrl":"https:\/\/www.opendoors.org.za\/wp-content\/uploads\/2016\/11\/Uzbekistan-flag-blog.jpg","articleSection":["Oesbekistan"],"inLanguage":"af-ZA","potentialAction":[{"@type":"CommentAction","name":"Comment","target":["https:\/\/www.opendoors.org.za\/afr\/oesbekistan-die-president-van-oesbekistan-het-gesterf\/#respond"]}]},{"@type":"WebPage","@id":"https:\/\/www.opendoors.org.za\/afr\/oesbekistan-die-president-van-oesbekistan-het-gesterf\/","url":"https:\/\/www.opendoors.org.za\/afr\/oesbekistan-die-president-van-oesbekistan-het-gesterf\/","name":"Oesbekistan: Die president van Oesbekistan het gesterf - Geopende Deure","isPartOf":{"@id":"https:\/\/www.opendoors.org.za\/afr\/#website"},"primaryImageOfPage":{"@id":"https:\/\/www.opendoors.org.za\/afr\/oesbekistan-die-president-van-oesbekistan-het-gesterf\/#primaryimage"},"image":{"@id":"https:\/\/www.opendoors.org.za\/afr\/oesbekistan-die-president-van-oesbekistan-het-gesterf\/#primaryimage"},"thumbnailUrl":"https:\/\/www.opendoors.org.za\/wp-content\/uploads\/2016\/11\/Uzbekistan-flag-blog.jpg","datePublished":"2016-09-07T08:57:39+00:00","dateModified":"2017-09-27T08:59:43+00:00","breadcrumb":{"@id":"https:\/\/www.opendoors.org.za\/afr\/oesbekistan-die-president-van-oesbekistan-het-gesterf\/#breadcrumb"},"inLanguage":"af-ZA","potentialAction":[{"@type":"ReadAction","target":["https:\/\/www.opendoors.org.za\/afr\/oesbekistan-die-president-van-oesbekistan-het-gesterf\/"]}]},{"@type":"ImageObject","inLanguage":"af-ZA","@id":"https:\/\/www.opendoors.org.za\/afr\/oesbekistan-die-president-van-oesbekistan-het-gesterf\/#primaryimage","url":"https:\/\/www.opendoors.org.za\/wp-content\/uploads\/2016\/11\/Uzbekistan-flag-blog.jpg","contentUrl":"https:\/\/www.opendoors.org.za\/wp-content\/uploads\/2016\/11\/Uzbekistan-flag-blog.jpg","width":1000,"height":500},{"@type":"BreadcrumbList","@id":"https:\/\/www.opendoors.org.za\/afr\/oesbekistan-die-president-van-oesbekistan-het-gesterf\/#breadcrumb","itemListElement":[{"@type":"ListItem","position":1,"name":"","item":"https:\/\/www.opendoors.org.za\/afr\/"},{"@type":"ListItem","position":2,"name":"Oesbekistan: Die president van Oesbekistan het gesterf"}]},{"@type":"WebSite","@id":"https:\/\/www.opendoors.org.za\/afr\/#website","url":"https:\/\/www.opendoors.org.za\/afr\/","name":"Geopende Deure","description":"The world&#039;s largest outreach to persecuted Christians in the most high-risk places.","publisher":{"@id":"https:\/\/www.opendoors.org.za\/afr\/#organization"},"potentialAction":[{"@type":"SearchAction","target":{"@type":"EntryPoint","urlTemplate":"https:\/\/www.opendoors.org.za\/afr\/?s={search_term_string}"},"query-input":{"@type":"PropertyValueSpecification","valueRequired":true,"valueName":"search_term_string"}}],"inLanguage":"af-ZA"},{"@type":"Organization","@id":"https:\/\/www.opendoors.org.za\/afr\/#organization","name":"Geopende Deure","url":"https:\/\/www.opendoors.org.za\/afr\/","logo":{"@type":"ImageObject","inLanguage":"af-ZA","@id":"https:\/\/www.opendoors.org.za\/afr\/#\/schema\/logo\/image\/","url":"https:\/\/www.opendoors.org.za\/wp-content\/uploads\/2023\/08\/Open-Doors-English-2023.png","contentUrl":"https:\/\/www.opendoors.org.za\/wp-content\/uploads\/2023\/08\/Open-Doors-English-2023.png","width":606,"height":76,"caption":"Geopende Deure"},"image":{"@id":"https:\/\/www.opendoors.org.za\/afr\/#\/schema\/logo\/image\/"}},{"@type":"Person","@id":"https:\/\/www.opendoors.org.za\/afr\/#\/schema\/person\/9a2038aee851e85794ca0e9545c9892b","name":"flickerleap"}]}},"_links":{"self":[{"href":"https:\/\/www.opendoors.org.za\/afr\/wp-json\/wp\/v2\/posts\/2322","targetHints":{"allow":["GET"]}}],"collection":[{"href":"https:\/\/www.opendoors.org.za\/afr\/wp-json\/wp\/v2\/posts"}],"about":[{"href":"https:\/\/www.opendoors.org.za\/afr\/wp-json\/wp\/v2\/types\/post"}],"author":[{"embeddable":true,"href":"https:\/\/www.opendoors.org.za\/afr\/wp-json\/wp\/v2\/users\/1"}],"replies":[{"embeddable":true,"href":"https:\/\/www.opendoors.org.za\/afr\/wp-json\/wp\/v2\/comments?post=2322"}],"version-history":[{"count":0,"href":"https:\/\/www.opendoors.org.za\/afr\/wp-json\/wp\/v2\/posts\/2322\/revisions"}],"wp:featuredmedia":[{"embeddable":true,"href":"https:\/\/www.opendoors.org.za\/afr\/wp-json\/wp\/v2\/media\/2319"}],"wp:attachment":[{"href":"https:\/\/www.opendoors.org.za\/afr\/wp-json\/wp\/v2\/media?parent=2322"}],"wp:term":[{"taxonomy":"category","embeddable":true,"href":"https:\/\/www.opendoors.org.za\/afr\/wp-json\/wp\/v2\/categories?post=2322"},{"taxonomy":"post_tag","embeddable":true,"href":"https:\/\/www.opendoors.org.za\/afr\/wp-json\/wp\/v2\/tags?post=2322"}],"curies":[{"name":"wp","href":"https:\/\/api.w.org\/{rel}","templated":true}]}}